{"id":894,"date":"2024-10-26T11:43:06","date_gmt":"2024-10-26T10:43:06","guid":{"rendered":"http:\/\/benedictelepimpec.com\/?p=894"},"modified":"2026-02-16T00:37:45","modified_gmt":"2026-02-15T23:37:45","slug":"ateliers-bermuda","status":"publish","type":"post","link":"https:\/\/benedictelepimpec.com\/?p=894","title":{"rendered":"ateliers bermuda"},"content":{"rendered":"\n<figure class=\"wp-block-image size-large\"><img loading=\"lazy\" decoding=\"async\" width=\"1024\" height=\"681\" src=\"http:\/\/benedictelepimpec.com\/wp-content\/uploads\/2024\/10\/bermuda-_-G-Robert-__DSC5798-1024x681.jpg\" alt=\"\" class=\"wp-image-783\" srcset=\"https:\/\/benedictelepimpec.com\/wp-content\/uploads\/2024\/10\/bermuda-_-G-Robert-__DSC5798-1024x681.jpg 1024w, https:\/\/benedictelepimpec.com\/wp-content\/uploads\/2024\/10\/bermuda-_-G-Robert-__DSC5798-300x200.jpg 300w, https:\/\/benedictelepimpec.com\/wp-content\/uploads\/2024\/10\/bermuda-_-G-Robert-__DSC5798-768x511.jpg 768w, https:\/\/benedictelepimpec.com\/wp-content\/uploads\/2024\/10\/bermuda-_-G-Robert-__DSC5798-1536x1022.jpg 1536w, https:\/\/benedictelepimpec.com\/wp-content\/uploads\/2024\/10\/bermuda-_-G-Robert-__DSC5798-2048x1363.jpg 2048w\" sizes=\"auto, (max-width: 1024px) 100vw, 1024px\" \/><figcaption class=\"wp-element-caption\"><sup>Vue du b\u00e2timent, 2022 \u00a9 Guillaume Robert \/ ateliers bermuda<\/sup><\/figcaption><\/figure>\n\n\n\n<p>N\u00e9 de la n\u00e9cessit\u00e9 de p\u00e9renniser des espaces de cr\u00e9ation dans la r\u00e9gion l\u00e9manique, bermuda a ouvert ses portes en 2022 sur la commune de Sergy, dans l\u2019Ain, \u00e0 cinq kilom\u00e8tres de la fronti\u00e8re franco-suisse. Imagin\u00e9 conjointement par l\u2019agence ACTM et par ses membres fondateurs (les artistes Max Bondu, Mathilde Ch\u00e9nin, Guillaume Robert, l\u2019informaticien Julien Griffit et la curatrice B\u00e9n\u00e9dicte le Pimpec), les 1\u2019300 m2 sous toit ont \u00e9t\u00e9 auto-construits de l\u2019hiver 2018 \u00e0 2022. La maitrise d\u2019oeuvre et la maitrise d\u2019ouvrage de bermuda sont laur\u00e9ats de l\u2019\u00c9querre d\u2019argent dans la cat\u00e9gorie Premi\u00e8re \u0152uvre 2021.<br><br>Compos\u00e9 de quatre blocs, le b\u00e2timent abrite des espaces de travail individuels et collectifs, dont un atelier m\u00e9tal, bois et c\u00e9ramique ainsi qu\u2019un atelier vid\u00e9o et post-production son. Articulant recherche, production et diffusion en art contemporain et en architecture, les ateliers bermuda accueillent trois r\u00e9sidences par ann\u00e9es en plus de nombreux moments d\u2019ouvertures au public (conf\u00e9rences, tables rondes, portes ouvertes\u2026).<\/p>\n\n\n\n<p>Plus d\u2019infos sur le projet\u00a0<a href=\"http:\/\/www.bermuda-ateliers.com\" target=\"_blank\" rel=\"noreferrer noopener\">ici<\/a><\/p>\n","protected":false},"excerpt":{"rendered":"<p>N\u00e9 de la n\u00e9cessit\u00e9 de p\u00e9renniser des espaces de cr\u00e9ation dans la r\u00e9gion l\u00e9manique, bermuda a ouvert ses portes en 2022 sur la commune de Sergy, dans l\u2019Ain, \u00e0 cinq kilom\u00e8tres de la fronti\u00e8re franco-suisse. Imagin\u00e9 conjointement par l\u2019agence ACTM et par ses membres fondateurs (les artistes Max Bondu, Mathilde Ch\u00e9nin, Guillaume Robert, l\u2019informaticien Julien [&hellip;]<\/p>\n","protected":false},"author":2,"featured_media":895,"comment_status":"closed","ping_status":"closed","sticky":true,"template":"","format":"standard","meta":{"footnotes":""},"categories":[1,130],"tags":[],"class_list":["post-894","post","type-post","status-publish","format-standard","has-post-thumbnail","hentry","category-non-classe","category-projets-en-commun-collectiv-projects"],"_links":{"self":[{"href":"https:\/\/benedictelepimpec.com\/index.php?rest_route=\/wp\/v2\/posts\/894","targetHints":{"allow":["GET"]}}],"collection":[{"href":"https:\/\/benedictelepimpec.com\/index.php?rest_route=\/wp\/v2\/posts"}],"about":[{"href":"https:\/\/benedictelepimpec.com\/index.php?rest_route=\/wp\/v2\/types\/post"}],"author":[{"embeddable":true,"href":"https:\/\/benedictelepimpec.com\/index.php?rest_route=\/wp\/v2\/users\/2"}],"replies":[{"embeddable":true,"href":"https:\/\/benedictelepimpec.com\/index.php?rest_route=%2Fwp%2Fv2%2Fcomments&post=894"}],"version-history":[{"count":3,"href":"https:\/\/benedictelepimpec.com\/index.php?rest_route=\/wp\/v2\/posts\/894\/revisions"}],"predecessor-version":[{"id":960,"href":"https:\/\/benedictelepimpec.com\/index.php?rest_route=\/wp\/v2\/posts\/894\/revisions\/960"}],"wp:featuredmedia":[{"embeddable":true,"href":"https:\/\/benedictelepimpec.com\/index.php?rest_route=\/wp\/v2\/media\/895"}],"wp:attachment":[{"href":"https:\/\/benedictelepimpec.com\/index.php?rest_route=%2Fwp%2Fv2%2Fmedia&parent=894"}],"wp:term":[{"taxonomy":"category","embeddable":true,"href":"https:\/\/benedictelepimpec.com\/index.php?rest_route=%2Fwp%2Fv2%2Fcategories&post=894"},{"taxonomy":"post_tag","embeddable":true,"href":"https:\/\/benedictelepimpec.com\/index.php?rest_route=%2Fwp%2Fv2%2Ftags&post=894"}],"curies":[{"name":"wp","href":"https:\/\/api.w.org\/{rel}","templated":true}]}}