{"id":884,"date":"2024-10-26T11:24:19","date_gmt":"2024-10-26T10:24:19","guid":{"rendered":"http:\/\/benedictelepimpec.com\/?p=884"},"modified":"2026-02-16T00:09:40","modified_gmt":"2026-02-15T23:09:40","slug":"monstrare-monstrare-camp","status":"publish","type":"post","link":"https:\/\/benedictelepimpec.com\/?p=884","title":{"rendered":"monstrare &amp; monstrare camp"},"content":{"rendered":"\n<p>Monstrare est une initiative collective d\u00e9but\u00e9e \u00e0 Brest en 2007 ayant pour but de r\u00e9fl\u00e9chir sur les divers pratiques artistiques et curatoriales contemporaines. Ses membres, alors \u00e9tudiant.e.s \u00e0 l&#8217;\u00e9cole d&#8217;art de Brest, proposaient des expositions temporaires dans divers lieux (local de stockage, garage automobile, magasin de luminaire&#8230;) occup\u00e9s le temps de l&#8217;exposition contre un coup de peinture. Plusieurs expositions collectives ont ainsi vu le jour (Court-circuit, -RAMA, Nos ic\u00f4nes&#8230;) \u00e0 Brest tout d&#8217;abord puis \u00e0 Grenoble et Gen\u00e8ve, suivant les activit\u00e9s de ses membres.&nbsp;<\/p>\n\n\n\n<figure class=\"wp-block-image size-large\"><img loading=\"lazy\" decoding=\"async\" width=\"1024\" height=\"768\" src=\"http:\/\/benedictelepimpec.com\/wp-content\/uploads\/2014\/02\/DSCN4292-1024x768.jpg\" alt=\"\" class=\"wp-image-669\" srcset=\"https:\/\/benedictelepimpec.com\/wp-content\/uploads\/2014\/02\/DSCN4292-1024x768.jpg 1024w, https:\/\/benedictelepimpec.com\/wp-content\/uploads\/2014\/02\/DSCN4292-300x225.jpg 300w, https:\/\/benedictelepimpec.com\/wp-content\/uploads\/2014\/02\/DSCN4292-768x576.jpg 768w, https:\/\/benedictelepimpec.com\/wp-content\/uploads\/2014\/02\/DSCN4292.jpg 1600w\" sizes=\"auto, (max-width: 1024px) 100vw, 1024px\" \/><\/figure>\n\n\n\n<p>De 2012 \u00e0 2020, le collectif s&#8217;est s\u00e9dentaris\u00e9 et a occup\u00e9 une ancienne carri\u00e8re de tuffeau \u00e0 Dampierre-sur-Loire. Datant du 17e si\u00e8cle, le domaine s&#8217;\u00e9tendait sur de pr\u00e8s de 30&#8217;000 m2 et trois niveaux. Site troglodytique, carri\u00e8re d&#8217;extraction de tuffaut puis champignonni\u00e8re, ce lieu a \u00e9t\u00e9 temporairement reconverti en camp d\u2019exploration appel\u00e9 <em>le monstrare camp : dampierre<\/em>.<\/p>\n\n\n\n<p>Apr\u00e8s une session de r\u00e9sidence et exposition en 2012 avec le Centre d\u2019art de Neuch\u00e2tel, le m<em>onstrare camp : dampierre<\/em> est devenu un rendez-vous annuel, un moment de r\u00e9sidence, d\u2019\u00e9change et d\u2019exp\u00e9rimentation au sein du domaine primitif des grottes \u00e0 Dampierre-sur-Loire. Une trentaine d&#8217;artistes mais aussi curateurs, chercheurs&#8230;\u00e9taient invit\u00e9s \u00e0 partager quinze jours de r\u00e9sidence chaque \u00e9t\u00e9. Plusieurs expositions ont \u00e9t\u00e9 produites dans ce cadre. <\/p>\n\n\n\n<figure class=\"wp-block-image size-large\"><img loading=\"lazy\" decoding=\"async\" width=\"1024\" height=\"683\" src=\"http:\/\/benedictelepimpec.com\/wp-content\/uploads\/2024\/10\/Emite_Sous_sol_2-1024x683.jpg\" alt=\"\" class=\"wp-image-886\" srcset=\"https:\/\/benedictelepimpec.com\/wp-content\/uploads\/2024\/10\/Emite_Sous_sol_2-1024x683.jpg 1024w, https:\/\/benedictelepimpec.com\/wp-content\/uploads\/2024\/10\/Emite_Sous_sol_2-300x200.jpg 300w, https:\/\/benedictelepimpec.com\/wp-content\/uploads\/2024\/10\/Emite_Sous_sol_2-768x512.jpg 768w, https:\/\/benedictelepimpec.com\/wp-content\/uploads\/2024\/10\/Emite_Sous_sol_2.jpg 1200w\" sizes=\"auto, (max-width: 1024px) 100vw, 1024px\" \/><figcaption class=\"wp-element-caption\"><sup>Vue de l&#8217;exposition L&#8217;ermite au blazer raisin, Centre d&#8217;art La Chapelle Jeanne d&#8217;Arc, Thouars, 2016<\/sup><\/figcaption><\/figure>\n\n\n\n<figure class=\"wp-block-image size-large\"><img loading=\"lazy\" decoding=\"async\" width=\"683\" height=\"1024\" src=\"http:\/\/benedictelepimpec.com\/wp-content\/uploads\/2024\/10\/Emite_Nef_3-683x1024.jpg\" alt=\"\" class=\"wp-image-887\" srcset=\"https:\/\/benedictelepimpec.com\/wp-content\/uploads\/2024\/10\/Emite_Nef_3-683x1024.jpg 683w, https:\/\/benedictelepimpec.com\/wp-content\/uploads\/2024\/10\/Emite_Nef_3-200x300.jpg 200w, https:\/\/benedictelepimpec.com\/wp-content\/uploads\/2024\/10\/Emite_Nef_3-768x1152.jpg 768w, https:\/\/benedictelepimpec.com\/wp-content\/uploads\/2024\/10\/Emite_Nef_3.jpg 800w\" sizes=\"auto, (max-width: 683px) 100vw, 683px\" \/><figcaption class=\"wp-element-caption\"><sup>Vue de l&#8217;exposition L&#8217;ermite au blazer raisin, Centre d&#8217;art La Chapelle Jeanne d&#8217;Arc, Thouars, 2016<\/sup><\/figcaption><\/figure>\n\n\n\n<p>La liste (non-exhaustive) des membres du collectif et artistes pass\u00e9.e.s par le monstrare camp :<br>Emilien Adage, Xavier Antin, Maxime Bichon, Maxime Bondu, Simon Boudvin, El\u00e9onore Ch\u00eaneau, Mathilde Ch\u00e9nin, H\u00e9l\u00e8ne Cressent, Laurence Descartes, Sarah Duby, Chlo\u00e9 Dugit-Gros, R\u00e9mi Duprat, Francesco Finizio, Nikolas Four\u00e9, Aur\u00e9lie Godard, Bambou Govoretsky, Ga\u00ebl Grivet, Cyril Jaquillard, ILE\/MER\/FROID, Donovan le Coadou, les Fr\u00e8res Chapuisat, Seulgi Lee, Jo\u00eblle Le Saux, Mathieu Loctin, Ceel Mogami de Haas, Clovis Maillet, Benoit-Marie Moriceau, Thomas Mouillon, Pierre-Yves Morizur, Blaise Parmentier, Arnaud Pearl, Guillaume Pellay, Pascal Rivet, Guillaume Robert, Emilie Vandenameele&#8230;<\/p>\n","protected":false},"excerpt":{"rendered":"<p>Monstrare est une initiative collective d\u00e9but\u00e9e \u00e0 Brest en 2007 ayant pour but de r\u00e9fl\u00e9chir sur les divers pratiques artistiques et curatoriales contemporaines. Ses membres, alors \u00e9tudiant.e.s \u00e0 l&#8217;\u00e9cole d&#8217;art de Brest, proposaient des expositions temporaires dans divers lieux (local de stockage, garage automobile, magasin de luminaire&#8230;) occup\u00e9s le temps de l&#8217;exposition contre un coup [&hellip;]<\/p>\n","protected":false},"author":2,"featured_media":953,"comment_status":"closed","ping_status":"closed","sticky":false,"template":"","format":"standard","meta":{"footnotes":""},"categories":[1,130],"tags":[],"class_list":["post-884","post","type-post","status-publish","format-standard","has-post-thumbnail","hentry","category-non-classe","category-projets-en-commun-collectiv-projects"],"_links":{"self":[{"href":"https:\/\/benedictelepimpec.com\/index.php?rest_route=\/wp\/v2\/posts\/884","targetHints":{"allow":["GET"]}}],"collection":[{"href":"https:\/\/benedictelepimpec.com\/index.php?rest_route=\/wp\/v2\/posts"}],"about":[{"href":"https:\/\/benedictelepimpec.com\/index.php?rest_route=\/wp\/v2\/types\/post"}],"author":[{"embeddable":true,"href":"https:\/\/benedictelepimpec.com\/index.php?rest_route=\/wp\/v2\/users\/2"}],"replies":[{"embeddable":true,"href":"https:\/\/benedictelepimpec.com\/index.php?rest_route=%2Fwp%2Fv2%2Fcomments&post=884"}],"version-history":[{"count":2,"href":"https:\/\/benedictelepimpec.com\/index.php?rest_route=\/wp\/v2\/posts\/884\/revisions"}],"predecessor-version":[{"id":955,"href":"https:\/\/benedictelepimpec.com\/index.php?rest_route=\/wp\/v2\/posts\/884\/revisions\/955"}],"wp:featuredmedia":[{"embeddable":true,"href":"https:\/\/benedictelepimpec.com\/index.php?rest_route=\/wp\/v2\/media\/953"}],"wp:attachment":[{"href":"https:\/\/benedictelepimpec.com\/index.php?rest_route=%2Fwp%2Fv2%2Fmedia&parent=884"}],"wp:term":[{"taxonomy":"category","embeddable":true,"href":"https:\/\/benedictelepimpec.com\/index.php?rest_route=%2Fwp%2Fv2%2Fcategories&post=884"},{"taxonomy":"post_tag","embeddable":true,"href":"https:\/\/benedictelepimpec.com\/index.php?rest_route=%2Fwp%2Fv2%2Ftags&post=884"}],"curies":[{"name":"wp","href":"https:\/\/api.w.org\/{rel}","templated":true}]}}